{"id":1358,"date":"2024-09-23T13:44:03","date_gmt":"2024-09-23T13:44:03","guid":{"rendered":"https:\/\/www.thescanfoundation.org\/news-insight\/how-we-age-ceo-spotlight-in-the-boston-globe\/"},"modified":"2025-09-18T15:14:41","modified_gmt":"2025-09-18T22:14:41","slug":"como-envejecemos-un-director-ejecutivo-destacado-en-el-boston-globe","status":"publish","type":"news-insight","link":"https:\/\/www.thescanfoundation.org\/es\/news-insight\/how-we-age-ceo-spotlight-in-the-boston-globe\/","title":{"rendered":"\u00bfEs la forma en que envejecemos una elecci\u00f3n?"},"template":"","class_list":["post-1358","news-insight","type-news-insight","status-publish","has-post-thumbnail","hentry","news-insight_type-in-the-news","location-national"],"acf":{"details":{"helper_accent_color":"yellow","helper_taxonomies":{"priority_tax":[7],"location":[11],"news-insight_type":[19],"resource_type":[53],"event_type":false,"person_type":false,"year_tax":false,"asset_class":false,"investment_type":false,"investment_category":false},"helper_authors":[{"person_type":"linked","author_linked":[1512],"author_manual":""}],"abstract":"This article, originally published by The Boston Globe, features insights from The SCAN Foundation\u2019s President and CEO Dr. Sarita Mohanty, reflecting on the question: \u201cIs how we age a choice?\u201d","featured_image":2579,"":null,"source_logo":4033,"source_name":""},"page_layout":[{"acf_fc_layout":"layout_wysiwyg","_acfe_flexible_toggle":"","component_wysiwyg":{"content":"Este art\u00edculo, publicado originalmente por The Boston Globe, presenta las perspectivas de la Dra. Sarita Mohanty, presidenta y directora ejecutiva de la Fundaci\u00f3n SCAN, quien reflexiona sobre la pregunta: &quot;\u00bfEs la forma en que envejecemos una elecci\u00f3n?&quot;. Este art\u00edculo, que invita a la reflexi\u00f3n, explora c\u00f3mo el estilo de vida, la mentalidad y la toma de decisiones proactiva pueden moldear la experiencia del envejecimiento, al tiempo que reconoce que no todos tienen el mismo acceso a estas oportunidades. En el art\u00edculo, la Dra. Mohanty enfatiza las contribuciones vitales de los adultos mayores a la sociedad, afirmando: &quot;Ustedes forman parte de la sociedad y aportan una gran contribuci\u00f3n gracias a su sabidur\u00eda y a\u00f1os de experiencia&quot;. El art\u00edculo tambi\u00e9n cita hallazgos de <a href=\"https:\/\/www.thescanfoundation.org\/es\/iniciativas\/amplificando-las-voces-de-los-adultos-mayores-lo-que-dice-la-gente\/\"><em>La gente dice<\/em><\/a> Centro de investigaci\u00f3n, desarrollado en colaboraci\u00f3n con Public Policy Lab. Este centro sirve como un valioso cat\u00e1logo de experiencias de adultos mayores, ayudando a los legisladores a escuchar sus opiniones al dise\u00f1ar pol\u00edticas relevantes. Si bien el art\u00edculo es de pago, animamos a los lectores con acceso a consultarlo para comprender mejor los factores que influyen en el envejecimiento.\r\n\r\n<a href=\"https:\/\/www.bostonglobe.com\/2024\/09\/19\/opinion\/wisdom-claudia-kalb-aging-choices\/\" target=\"_blank\" rel=\"noopener\">LEA LA HISTORIA COMPLETA<\/a> (se requiere suscripci\u00f3n)","":null,"helper_width":"narrow"}}]},"yoast_head":"<!-- This site is optimized with the Yoast SEO plugin v27.4 - https:\/\/yoast.com\/product\/yoast-seo-wordpress\/ -->\n<title>Is How We Age a Choice? - The SCAN Foundation<\/title>\n<meta name=\"description\" content=\"How We Age: CEO Sarita Mohanty in The Boston Globe. Discussing caregiving, preparedness, and the future of aging in America.\" \/>\n<meta name=\"robots\" content=\"index, follow, max-snippet:-1, max-image-preview:large, max-video-preview:-1\" \/>\n<link rel=\"canonical\" href=\"https:\/\/www.thescanfoundation.org\/es\/perspectiva-de-noticias\/como-envejecemos-un-director-ejecutivo-destacado-en-el-boston-globe\/\" \/>\n<meta property=\"og:locale\" content=\"es_MX\" \/>\n<meta property=\"og:type\" content=\"article\" \/>\n<meta property=\"og:title\" content=\"Is How We Age a Choice? - The SCAN Foundation\" \/>\n<meta property=\"og:description\" content=\"How We Age: CEO Sarita Mohanty in The Boston Globe. Discussing caregiving, preparedness, and the future of aging in America.\" \/>\n<meta property=\"og:url\" content=\"https:\/\/www.thescanfoundation.org\/es\/perspectiva-de-noticias\/como-envejecemos-un-director-ejecutivo-destacado-en-el-boston-globe\/\" \/>\n<meta property=\"og:site_name\" content=\"The SCAN Foundation\" \/>\n<meta property=\"article:modified_time\" content=\"2025-09-18T22:14:41+00:00\" \/>\n<meta property=\"og:image\" content=\"https:\/\/www.thescanfoundation.org\/wp-content\/uploads\/2025\/08\/iStock-1410993220-1024x683.jpg\" \/>\n\t<meta property=\"og:image:width\" content=\"1024\" \/>\n\t<meta property=\"og:image:height\" content=\"683\" \/>\n\t<meta property=\"og:image:type\" content=\"image\/jpeg\" \/>\n<meta name=\"twitter:card\" content=\"summary_large_image\" \/>\n<meta name=\"twitter:site\" content=\"@TheSCANFndtn\" \/>\n<script type=\"application\/ld+json\" class=\"yoast-schema-graph\">{\"@context\":\"https:\\\/\\\/schema.org\",\"@graph\":[{\"@type\":\"WebPage\",\"@id\":\"https:\\\/\\\/www.thescanfoundation.org\\\/news-insight\\\/how-we-age-ceo-spotlight-in-the-boston-globe\\\/\",\"url\":\"https:\\\/\\\/www.thescanfoundation.org\\\/news-insight\\\/how-we-age-ceo-spotlight-in-the-boston-globe\\\/\",\"name\":\"Is How We Age a Choice? - The SCAN Foundation\",\"isPartOf\":{\"@id\":\"https:\\\/\\\/www.thescanfoundation.org\\\/#website\"},\"primaryImageOfPage\":{\"@id\":\"https:\\\/\\\/www.thescanfoundation.org\\\/news-insight\\\/how-we-age-ceo-spotlight-in-the-boston-globe\\\/#primaryimage\"},\"image\":{\"@id\":\"https:\\\/\\\/www.thescanfoundation.org\\\/news-insight\\\/how-we-age-ceo-spotlight-in-the-boston-globe\\\/#primaryimage\"},\"thumbnailUrl\":\"https:\\\/\\\/www.thescanfoundation.org\\\/wp-content\\\/uploads\\\/2025\\\/08\\\/iStock-1410993220.jpg\",\"datePublished\":\"2024-09-23T13:44:03+00:00\",\"dateModified\":\"2025-09-18T22:14:41+00:00\",\"description\":\"How We Age: CEO Sarita Mohanty in The Boston Globe. Discussing caregiving, preparedness, and the future of aging in America.\",\"breadcrumb\":{\"@id\":\"https:\\\/\\\/www.thescanfoundation.org\\\/news-insight\\\/how-we-age-ceo-spotlight-in-the-boston-globe\\\/#breadcrumb\"},\"inLanguage\":\"es-MX\",\"potentialAction\":[{\"@type\":\"ReadAction\",\"target\":[\"https:\\\/\\\/www.thescanfoundation.org\\\/news-insight\\\/how-we-age-ceo-spotlight-in-the-boston-globe\\\/\"]}]},{\"@type\":\"ImageObject\",\"inLanguage\":\"es-MX\",\"@id\":\"https:\\\/\\\/www.thescanfoundation.org\\\/news-insight\\\/how-we-age-ceo-spotlight-in-the-boston-globe\\\/#primaryimage\",\"url\":\"https:\\\/\\\/www.thescanfoundation.org\\\/wp-content\\\/uploads\\\/2025\\\/08\\\/iStock-1410993220.jpg\",\"contentUrl\":\"https:\\\/\\\/www.thescanfoundation.org\\\/wp-content\\\/uploads\\\/2025\\\/08\\\/iStock-1410993220.jpg\",\"width\":7952,\"height\":5304,\"caption\":\"old senior asian friends retired people hapiness positive laugh smile conversation together at living room at nursing home Seniors participating in Group Activities in Adult Daycare Center\"},{\"@type\":\"BreadcrumbList\",\"@id\":\"https:\\\/\\\/www.thescanfoundation.org\\\/news-insight\\\/how-we-age-ceo-spotlight-in-the-boston-globe\\\/#breadcrumb\",\"itemListElement\":[{\"@type\":\"ListItem\",\"position\":1,\"name\":\"Home\",\"item\":\"https:\\\/\\\/www.thescanfoundation.org\\\/\"},{\"@type\":\"ListItem\",\"position\":2,\"name\":\"Is How We Age a Choice?\"}]},{\"@type\":\"WebSite\",\"@id\":\"https:\\\/\\\/www.thescanfoundation.org\\\/#website\",\"url\":\"https:\\\/\\\/www.thescanfoundation.org\\\/\",\"name\":\"The SCAN Foundation\",\"description\":\"\",\"publisher\":{\"@id\":\"https:\\\/\\\/www.thescanfoundation.org\\\/#organization\"},\"potentialAction\":[{\"@type\":\"SearchAction\",\"target\":{\"@type\":\"EntryPoint\",\"urlTemplate\":\"https:\\\/\\\/www.thescanfoundation.org\\\/?s={search_term_string}\"},\"query-input\":{\"@type\":\"PropertyValueSpecification\",\"valueRequired\":true,\"valueName\":\"search_term_string\"}}],\"inLanguage\":\"es-MX\"},{\"@type\":\"Organization\",\"@id\":\"https:\\\/\\\/www.thescanfoundation.org\\\/#organization\",\"name\":\"The SCAN Foundation\",\"url\":\"https:\\\/\\\/www.thescanfoundation.org\\\/\",\"logo\":{\"@type\":\"ImageObject\",\"inLanguage\":\"es-MX\",\"@id\":\"https:\\\/\\\/www.thescanfoundation.org\\\/#\\\/schema\\\/logo\\\/image\\\/\",\"url\":\"https:\\\/\\\/www.thescanfoundation.org\\\/wp-content\\\/uploads\\\/2025\\\/09\\\/tsf-logo.png\",\"contentUrl\":\"https:\\\/\\\/www.thescanfoundation.org\\\/wp-content\\\/uploads\\\/2025\\\/09\\\/tsf-logo.png\",\"width\":696,\"height\":696,\"caption\":\"The SCAN Foundation\"},\"image\":{\"@id\":\"https:\\\/\\\/www.thescanfoundation.org\\\/#\\\/schema\\\/logo\\\/image\\\/\"},\"sameAs\":[\"https:\\\/\\\/x.com\\\/TheSCANFndtn\",\"https:\\\/\\\/www.linkedin.com\\\/company\\\/the-scan-foundation\"]}]}<\/script>\n<!-- \/ Yoast SEO plugin. -->","yoast_head_json":{"title":"\u00bfEnvejecemos de una forma u otra? - Fundaci\u00f3n SCAN","description":"C\u00f3mo envejecemos: La CEO Sarita Mohanty destacada en The Boston Globe. Discusi\u00f3n sobre la preparaci\u00f3n para el envejecimiento y los cuidados.","robots":{"index":"index","follow":"follow","max-snippet":"max-snippet:-1","max-image-preview":"max-image-preview:large","max-video-preview":"max-video-preview:-1"},"canonical":"https:\/\/www.thescanfoundation.org\/es\/perspectiva-de-noticias\/como-envejecemos-un-director-ejecutivo-destacado-en-el-boston-globe\/","og_locale":"es_MX","og_type":"article","og_title":"Is How We Age a Choice? - The SCAN Foundation","og_description":"How We Age: CEO Sarita Mohanty in The Boston Globe. Discussing caregiving, preparedness, and the future of aging in America.","og_url":"https:\/\/www.thescanfoundation.org\/es\/perspectiva-de-noticias\/como-envejecemos-un-director-ejecutivo-destacado-en-el-boston-globe\/","og_site_name":"The SCAN Foundation","article_modified_time":"2025-09-18T22:14:41+00:00","og_image":[{"width":1024,"height":683,"url":"https:\/\/www.thescanfoundation.org\/wp-content\/uploads\/2025\/08\/iStock-1410993220-1024x683.jpg","type":"image\/jpeg"}],"twitter_card":"summary_large_image","twitter_site":"@TheSCANFndtn","schema":{"@context":"https:\/\/schema.org","@graph":[{"@type":"WebPage","@id":"https:\/\/www.thescanfoundation.org\/news-insight\/how-we-age-ceo-spotlight-in-the-boston-globe\/","url":"https:\/\/www.thescanfoundation.org\/news-insight\/how-we-age-ceo-spotlight-in-the-boston-globe\/","name":"\u00bfEnvejecemos de una forma u otra? - Fundaci\u00f3n SCAN","isPartOf":{"@id":"https:\/\/www.thescanfoundation.org\/#website"},"primaryImageOfPage":{"@id":"https:\/\/www.thescanfoundation.org\/news-insight\/how-we-age-ceo-spotlight-in-the-boston-globe\/#primaryimage"},"image":{"@id":"https:\/\/www.thescanfoundation.org\/news-insight\/how-we-age-ceo-spotlight-in-the-boston-globe\/#primaryimage"},"thumbnailUrl":"https:\/\/www.thescanfoundation.org\/wp-content\/uploads\/2025\/08\/iStock-1410993220.jpg","datePublished":"2024-09-23T13:44:03+00:00","dateModified":"2025-09-18T22:14:41+00:00","description":"C\u00f3mo envejecemos: La CEO Sarita Mohanty destacada en The Boston Globe. Discusi\u00f3n sobre la preparaci\u00f3n para el envejecimiento y los cuidados.","breadcrumb":{"@id":"https:\/\/www.thescanfoundation.org\/news-insight\/how-we-age-ceo-spotlight-in-the-boston-globe\/#breadcrumb"},"inLanguage":"es-MX","potentialAction":[{"@type":"ReadAction","target":["https:\/\/www.thescanfoundation.org\/news-insight\/how-we-age-ceo-spotlight-in-the-boston-globe\/"]}]},{"@type":"ImageObject","inLanguage":"es-MX","@id":"https:\/\/www.thescanfoundation.org\/news-insight\/how-we-age-ceo-spotlight-in-the-boston-globe\/#primaryimage","url":"https:\/\/www.thescanfoundation.org\/wp-content\/uploads\/2025\/08\/iStock-1410993220.jpg","contentUrl":"https:\/\/www.thescanfoundation.org\/wp-content\/uploads\/2025\/08\/iStock-1410993220.jpg","width":7952,"height":5304,"caption":"old senior asian friends retired people hapiness positive laugh smile conversation together at living room at nursing home Seniors participating in Group Activities in Adult Daycare Center"},{"@type":"BreadcrumbList","@id":"https:\/\/www.thescanfoundation.org\/news-insight\/how-we-age-ceo-spotlight-in-the-boston-globe\/#breadcrumb","itemListElement":[{"@type":"ListItem","position":1,"name":"Home","item":"https:\/\/www.thescanfoundation.org\/"},{"@type":"ListItem","position":2,"name":"Is How We Age a Choice?"}]},{"@type":"WebSite","@id":"https:\/\/www.thescanfoundation.org\/#website","url":"https:\/\/www.thescanfoundation.org\/","name":"La Fundaci\u00f3n SCAN","description":"","publisher":{"@id":"https:\/\/www.thescanfoundation.org\/#organization"},"potentialAction":[{"@type":"SearchAction","target":{"@type":"EntryPoint","urlTemplate":"https:\/\/www.thescanfoundation.org\/?s={search_term_string}"},"query-input":{"@type":"PropertyValueSpecification","valueRequired":true,"valueName":"search_term_string"}}],"inLanguage":"es-MX"},{"@type":"Organization","@id":"https:\/\/www.thescanfoundation.org\/#organization","name":"La Fundaci\u00f3n SCAN","url":"https:\/\/www.thescanfoundation.org\/","logo":{"@type":"ImageObject","inLanguage":"es-MX","@id":"https:\/\/www.thescanfoundation.org\/#\/schema\/logo\/image\/","url":"https:\/\/www.thescanfoundation.org\/wp-content\/uploads\/2025\/09\/tsf-logo.png","contentUrl":"https:\/\/www.thescanfoundation.org\/wp-content\/uploads\/2025\/09\/tsf-logo.png","width":696,"height":696,"caption":"The SCAN Foundation"},"image":{"@id":"https:\/\/www.thescanfoundation.org\/#\/schema\/logo\/image\/"},"sameAs":["https:\/\/x.com\/TheSCANFndtn","https:\/\/www.linkedin.com\/company\/the-scan-foundation"]}]}},"_links":{"self":[{"href":"https:\/\/www.thescanfoundation.org\/es\/wp-json\/wp\/v2\/news-insight\/1358","targetHints":{"allow":["GET"]}}],"collection":[{"href":"https:\/\/www.thescanfoundation.org\/es\/wp-json\/wp\/v2\/news-insight"}],"about":[{"href":"https:\/\/www.thescanfoundation.org\/es\/wp-json\/wp\/v2\/types\/news-insight"}],"version-history":[{"count":0,"href":"https:\/\/www.thescanfoundation.org\/es\/wp-json\/wp\/v2\/news-insight\/1358\/revisions"}],"wp:featuredmedia":[{"embeddable":true,"href":"https:\/\/www.thescanfoundation.org\/es\/wp-json\/wp\/v2\/media\/2579"}],"wp:attachment":[{"href":"https:\/\/www.thescanfoundation.org\/es\/wp-json\/wp\/v2\/media?parent=1358"}],"curies":[{"name":"wp","href":"https:\/\/api.w.org\/{rel}","templated":true}]}}