{"id":2640,"date":"2025-07-14T20:48:46","date_gmt":"2025-07-14T20:48:46","guid":{"rendered":"https:\/\/www.thescanfoundation.org\/?post_type=news-insight&#038;p=2640"},"modified":"2025-09-18T15:13:04","modified_gmt":"2025-09-18T22:13:04","slug":"los-empleadores-deberian-contratar-trabajadores-mayores","status":"publish","type":"news-insight","link":"https:\/\/www.thescanfoundation.org\/es\/news-insight\/employers-should-hire-older-workers\/","title":{"rendered":"Los empleadores deber\u00edan contratar a trabajadores mayores"},"template":"","class_list":["post-2640","news-insight","type-news-insight","status-publish","has-post-thumbnail","hentry","news-insight_type-insight","location-california"],"acf":{"details":{"helper_accent_color":"yellow","helper_taxonomies":{"priority_tax":[50],"location":[12],"news-insight_type":[17],"resource_type":false,"event_type":false,"person_type":false,"year_tax":false,"asset_class":false,"investment_type":false,"investment_category":false},"helper_authors":[{"person_type":"linked","author_linked":[1512],"author_manual":""}],"abstract":"This article, originally published by the Los Angeles Business Journal, features insights from The SCAN Foundation's President and CEO Sarita A. Mohanty.","featured_image":2730,"":null,"source_logo":4035,"source_name":""},"page_layout":[{"acf_fc_layout":"layout_wysiwyg","_acfe_flexible_toggle":"","component_wysiwyg":{"content":"Este art\u00edculo, publicado originalmente por Los Angeles Business Journal, presenta perspectivas del presidente y director ejecutivo de The SCAN Foundation <a href=\"https:\/\/www.thescanfoundation.org\/es\/gente\/sarita-a-mohanty-md-mba-en-mvp\/\">Sarita A. Mohanty<\/a>Explora la necesidad de que las empresas adopten pr\u00e1cticas inclusivas en funci\u00f3n de la edad y liberen todo el potencial de los trabajadores experimentados.\r\n<p class=\"p3\"><span class=\"s1\">Ella escribe: &quot;L<\/span><span class=\"s1\">Los \u00c1ngeles se encuentra en una coyuntura cr\u00edtica. A medida que la ciudad se recupera de los devastadores incendios y se prepara para una ola de eventos nacionales e internacionales, la demanda de trabajadores cualificados aumentar\u00e1. Estos desaf\u00edos ofrecen una oportunidad \u00fanica para impulsar la innovaci\u00f3n, la equidad y el \u00e9xito econ\u00f3mico aprovechando un recurso a menudo descuidado: el talento y la experiencia de los adultos mayores. <\/span><span class=\"s1\">Estos trabajadores representan un recurso valioso y en gran medida desaprovechado que puede revitalizar nuestra fuerza laboral, impulsar la resiliencia econ\u00f3mica y mejorar el bienestar general de nuestra comunidad. A medida que nuestra poblaci\u00f3n envejece, la ciudad enfrenta el doble desaf\u00edo de garantizar la seguridad financiera de los adultos mayores y, al mismo tiempo, impulsar el crecimiento econ\u00f3mico. Sin embargo, estos desaf\u00edos no son mutuamente excluyentes. De hecho, representan una oportunidad sin precedentes.<\/span><span class=\"s1\">\"<\/span><\/p>\r\nEsta perspectiva se suma al di\u00e1logo en curso sobre los adultos mayores que extienden sus carreras o se reincorporan a la fuerza laboral para afrontar el envejecimiento en casa y en sus comunidades, una conversaci\u00f3n que es central para nuestro trabajo en la Fundaci\u00f3n SCAN. Lea el <a href=\"https:\/\/labusinessjournal.com\/commentary\/oped-employers-should-hire-older-workers\/\">art\u00edculo completo<\/a> en el sitio web de LABJ.","":null,"helper_width":"narrow"}}]},"yoast_head":"<!-- This site is optimized with the Yoast SEO plugin v27.4 - https:\/\/yoast.com\/product\/yoast-seo-wordpress\/ -->\n<title>Employers Should Hire Older Workers - The SCAN Foundation<\/title>\n<meta name=\"description\" content=\"Employers should hire older workers. Read Dr. Sarita Mohanty\u2019s insights on the value, experience, and stability older employees bring to the workforce.\" \/>\n<meta name=\"robots\" content=\"index, follow, max-snippet:-1, max-image-preview:large, max-video-preview:-1\" \/>\n<link rel=\"canonical\" href=\"https:\/\/www.thescanfoundation.org\/es\/perspectiva-de-noticias\/los-empleadores-deberian-contratar-trabajadores-mayores\/\" \/>\n<meta property=\"og:locale\" content=\"es_MX\" \/>\n<meta property=\"og:type\" content=\"article\" \/>\n<meta property=\"og:title\" content=\"Employers Should Hire Older Workers - The SCAN Foundation\" \/>\n<meta property=\"og:description\" content=\"Employers should hire older workers. Read Dr. Sarita Mohanty\u2019s insights on the value, experience, and stability older employees bring to the workforce.\" \/>\n<meta property=\"og:url\" content=\"https:\/\/www.thescanfoundation.org\/es\/perspectiva-de-noticias\/los-empleadores-deberian-contratar-trabajadores-mayores\/\" \/>\n<meta property=\"og:site_name\" content=\"The SCAN Foundation\" \/>\n<meta property=\"article:modified_time\" content=\"2025-09-18T22:13:04+00:00\" \/>\n<meta property=\"og:image\" content=\"https:\/\/www.thescanfoundation.org\/wp-content\/uploads\/2025\/08\/iStock-1145457577-scaled.jpg\" \/>\n\t<meta property=\"og:image:width\" content=\"2560\" \/>\n\t<meta property=\"og:image:height\" content=\"1707\" \/>\n\t<meta property=\"og:image:type\" content=\"image\/jpeg\" \/>\n<meta name=\"twitter:card\" content=\"summary_large_image\" \/>\n<meta name=\"twitter:site\" content=\"@TheSCANFndtn\" \/>\n<script type=\"application\/ld+json\" class=\"yoast-schema-graph\">{\"@context\":\"https:\\\/\\\/schema.org\",\"@graph\":[{\"@type\":\"WebPage\",\"@id\":\"https:\\\/\\\/www.thescanfoundation.org\\\/news-insight\\\/employers-should-hire-older-workers\\\/\",\"url\":\"https:\\\/\\\/www.thescanfoundation.org\\\/news-insight\\\/employers-should-hire-older-workers\\\/\",\"name\":\"Employers Should Hire Older Workers - The SCAN Foundation\",\"isPartOf\":{\"@id\":\"https:\\\/\\\/www.thescanfoundation.org\\\/#website\"},\"primaryImageOfPage\":{\"@id\":\"https:\\\/\\\/www.thescanfoundation.org\\\/news-insight\\\/employers-should-hire-older-workers\\\/#primaryimage\"},\"image\":{\"@id\":\"https:\\\/\\\/www.thescanfoundation.org\\\/news-insight\\\/employers-should-hire-older-workers\\\/#primaryimage\"},\"thumbnailUrl\":\"https:\\\/\\\/www.thescanfoundation.org\\\/wp-content\\\/uploads\\\/2025\\\/08\\\/iStock-1145457577-scaled.jpg\",\"datePublished\":\"2025-07-14T20:48:46+00:00\",\"dateModified\":\"2025-09-18T22:13:04+00:00\",\"description\":\"Employers should hire older workers. Read Dr. Sarita Mohanty\u2019s insights on the value, experience, and stability older employees bring to the workforce.\",\"breadcrumb\":{\"@id\":\"https:\\\/\\\/www.thescanfoundation.org\\\/news-insight\\\/employers-should-hire-older-workers\\\/#breadcrumb\"},\"inLanguage\":\"es-MX\",\"potentialAction\":[{\"@type\":\"ReadAction\",\"target\":[\"https:\\\/\\\/www.thescanfoundation.org\\\/news-insight\\\/employers-should-hire-older-workers\\\/\"]}]},{\"@type\":\"ImageObject\",\"inLanguage\":\"es-MX\",\"@id\":\"https:\\\/\\\/www.thescanfoundation.org\\\/news-insight\\\/employers-should-hire-older-workers\\\/#primaryimage\",\"url\":\"https:\\\/\\\/www.thescanfoundation.org\\\/wp-content\\\/uploads\\\/2025\\\/08\\\/iStock-1145457577-scaled.jpg\",\"contentUrl\":\"https:\\\/\\\/www.thescanfoundation.org\\\/wp-content\\\/uploads\\\/2025\\\/08\\\/iStock-1145457577-scaled.jpg\",\"width\":2560,\"height\":1707,\"caption\":\"Senior woman at home\"},{\"@type\":\"BreadcrumbList\",\"@id\":\"https:\\\/\\\/www.thescanfoundation.org\\\/news-insight\\\/employers-should-hire-older-workers\\\/#breadcrumb\",\"itemListElement\":[{\"@type\":\"ListItem\",\"position\":1,\"name\":\"Home\",\"item\":\"https:\\\/\\\/www.thescanfoundation.org\\\/\"},{\"@type\":\"ListItem\",\"position\":2,\"name\":\"Employers Should Hire Older Workers\"}]},{\"@type\":\"WebSite\",\"@id\":\"https:\\\/\\\/www.thescanfoundation.org\\\/#website\",\"url\":\"https:\\\/\\\/www.thescanfoundation.org\\\/\",\"name\":\"The SCAN Foundation\",\"description\":\"\",\"publisher\":{\"@id\":\"https:\\\/\\\/www.thescanfoundation.org\\\/#organization\"},\"potentialAction\":[{\"@type\":\"SearchAction\",\"target\":{\"@type\":\"EntryPoint\",\"urlTemplate\":\"https:\\\/\\\/www.thescanfoundation.org\\\/?s={search_term_string}\"},\"query-input\":{\"@type\":\"PropertyValueSpecification\",\"valueRequired\":true,\"valueName\":\"search_term_string\"}}],\"inLanguage\":\"es-MX\"},{\"@type\":\"Organization\",\"@id\":\"https:\\\/\\\/www.thescanfoundation.org\\\/#organization\",\"name\":\"The SCAN Foundation\",\"url\":\"https:\\\/\\\/www.thescanfoundation.org\\\/\",\"logo\":{\"@type\":\"ImageObject\",\"inLanguage\":\"es-MX\",\"@id\":\"https:\\\/\\\/www.thescanfoundation.org\\\/#\\\/schema\\\/logo\\\/image\\\/\",\"url\":\"https:\\\/\\\/www.thescanfoundation.org\\\/wp-content\\\/uploads\\\/2025\\\/09\\\/tsf-logo.png\",\"contentUrl\":\"https:\\\/\\\/www.thescanfoundation.org\\\/wp-content\\\/uploads\\\/2025\\\/09\\\/tsf-logo.png\",\"width\":696,\"height\":696,\"caption\":\"The SCAN Foundation\"},\"image\":{\"@id\":\"https:\\\/\\\/www.thescanfoundation.org\\\/#\\\/schema\\\/logo\\\/image\\\/\"},\"sameAs\":[\"https:\\\/\\\/x.com\\\/TheSCANFndtn\",\"https:\\\/\\\/www.linkedin.com\\\/company\\\/the-scan-foundation\"]}]}<\/script>\n<!-- \/ Yoast SEO plugin. -->","yoast_head_json":{"title":"Los empleadores deber\u00edan contratar a trabajadores mayores - Fundaci\u00f3n SCAN","description":"Los empleadores deber\u00edan contratar trabajadores mayores. Lea perspectivas sobre el valor, la experiencia y la estabilidad que aportan a la fuerza laboral.","robots":{"index":"index","follow":"follow","max-snippet":"max-snippet:-1","max-image-preview":"max-image-preview:large","max-video-preview":"max-video-preview:-1"},"canonical":"https:\/\/www.thescanfoundation.org\/es\/perspectiva-de-noticias\/los-empleadores-deberian-contratar-trabajadores-mayores\/","og_locale":"es_MX","og_type":"article","og_title":"Employers Should Hire Older Workers - The SCAN Foundation","og_description":"Employers should hire older workers. Read Dr. Sarita Mohanty\u2019s insights on the value, experience, and stability older employees bring to the workforce.","og_url":"https:\/\/www.thescanfoundation.org\/es\/perspectiva-de-noticias\/los-empleadores-deberian-contratar-trabajadores-mayores\/","og_site_name":"The SCAN Foundation","article_modified_time":"2025-09-18T22:13:04+00:00","og_image":[{"width":2560,"height":1707,"url":"https:\/\/www.thescanfoundation.org\/wp-content\/uploads\/2025\/08\/iStock-1145457577-scaled.jpg","type":"image\/jpeg"}],"twitter_card":"summary_large_image","twitter_site":"@TheSCANFndtn","schema":{"@context":"https:\/\/schema.org","@graph":[{"@type":"WebPage","@id":"https:\/\/www.thescanfoundation.org\/news-insight\/employers-should-hire-older-workers\/","url":"https:\/\/www.thescanfoundation.org\/news-insight\/employers-should-hire-older-workers\/","name":"Los empleadores deber\u00edan contratar a trabajadores mayores - Fundaci\u00f3n SCAN","isPartOf":{"@id":"https:\/\/www.thescanfoundation.org\/#website"},"primaryImageOfPage":{"@id":"https:\/\/www.thescanfoundation.org\/news-insight\/employers-should-hire-older-workers\/#primaryimage"},"image":{"@id":"https:\/\/www.thescanfoundation.org\/news-insight\/employers-should-hire-older-workers\/#primaryimage"},"thumbnailUrl":"https:\/\/www.thescanfoundation.org\/wp-content\/uploads\/2025\/08\/iStock-1145457577-scaled.jpg","datePublished":"2025-07-14T20:48:46+00:00","dateModified":"2025-09-18T22:13:04+00:00","description":"Los empleadores deber\u00edan contratar trabajadores mayores. Lea perspectivas sobre el valor, la experiencia y la estabilidad que aportan a la fuerza laboral.","breadcrumb":{"@id":"https:\/\/www.thescanfoundation.org\/news-insight\/employers-should-hire-older-workers\/#breadcrumb"},"inLanguage":"es-MX","potentialAction":[{"@type":"ReadAction","target":["https:\/\/www.thescanfoundation.org\/news-insight\/employers-should-hire-older-workers\/"]}]},{"@type":"ImageObject","inLanguage":"es-MX","@id":"https:\/\/www.thescanfoundation.org\/news-insight\/employers-should-hire-older-workers\/#primaryimage","url":"https:\/\/www.thescanfoundation.org\/wp-content\/uploads\/2025\/08\/iStock-1145457577-scaled.jpg","contentUrl":"https:\/\/www.thescanfoundation.org\/wp-content\/uploads\/2025\/08\/iStock-1145457577-scaled.jpg","width":2560,"height":1707,"caption":"Senior woman at home"},{"@type":"BreadcrumbList","@id":"https:\/\/www.thescanfoundation.org\/news-insight\/employers-should-hire-older-workers\/#breadcrumb","itemListElement":[{"@type":"ListItem","position":1,"name":"Home","item":"https:\/\/www.thescanfoundation.org\/"},{"@type":"ListItem","position":2,"name":"Employers Should Hire Older Workers"}]},{"@type":"WebSite","@id":"https:\/\/www.thescanfoundation.org\/#website","url":"https:\/\/www.thescanfoundation.org\/","name":"La Fundaci\u00f3n SCAN","description":"","publisher":{"@id":"https:\/\/www.thescanfoundation.org\/#organization"},"potentialAction":[{"@type":"SearchAction","target":{"@type":"EntryPoint","urlTemplate":"https:\/\/www.thescanfoundation.org\/?s={search_term_string}"},"query-input":{"@type":"PropertyValueSpecification","valueRequired":true,"valueName":"search_term_string"}}],"inLanguage":"es-MX"},{"@type":"Organization","@id":"https:\/\/www.thescanfoundation.org\/#organization","name":"La Fundaci\u00f3n SCAN","url":"https:\/\/www.thescanfoundation.org\/","logo":{"@type":"ImageObject","inLanguage":"es-MX","@id":"https:\/\/www.thescanfoundation.org\/#\/schema\/logo\/image\/","url":"https:\/\/www.thescanfoundation.org\/wp-content\/uploads\/2025\/09\/tsf-logo.png","contentUrl":"https:\/\/www.thescanfoundation.org\/wp-content\/uploads\/2025\/09\/tsf-logo.png","width":696,"height":696,"caption":"The SCAN Foundation"},"image":{"@id":"https:\/\/www.thescanfoundation.org\/#\/schema\/logo\/image\/"},"sameAs":["https:\/\/x.com\/TheSCANFndtn","https:\/\/www.linkedin.com\/company\/the-scan-foundation"]}]}},"_links":{"self":[{"href":"https:\/\/www.thescanfoundation.org\/es\/wp-json\/wp\/v2\/news-insight\/2640","targetHints":{"allow":["GET"]}}],"collection":[{"href":"https:\/\/www.thescanfoundation.org\/es\/wp-json\/wp\/v2\/news-insight"}],"about":[{"href":"https:\/\/www.thescanfoundation.org\/es\/wp-json\/wp\/v2\/types\/news-insight"}],"version-history":[{"count":0,"href":"https:\/\/www.thescanfoundation.org\/es\/wp-json\/wp\/v2\/news-insight\/2640\/revisions"}],"wp:featuredmedia":[{"embeddable":true,"href":"https:\/\/www.thescanfoundation.org\/es\/wp-json\/wp\/v2\/media\/2730"}],"wp:attachment":[{"href":"https:\/\/www.thescanfoundation.org\/es\/wp-json\/wp\/v2\/media?parent=2640"}],"curies":[{"name":"wp","href":"https:\/\/api.w.org\/{rel}","templated":true}]}}